{"id":8633,"date":"2026-09-03T08:41:04","date_gmt":"2026-09-03T08:41:04","guid":{"rendered":"https:\/\/www.fabricair.com\/lt\/?post_type=news&#038;p=8633"},"modified":"2026-09-03T08:42:03","modified_gmt":"2026-09-03T08:42:03","slug":"fabricair-uab-dalyvaus-windenergy-hamburg-2026-parodoje-vokietijoje","status":"publish","type":"news","link":"https:\/\/www.fabricair.com\/lt\/naujienos\/fabricair-uab-dalyvaus-windenergy-hamburg-2026-parodoje-vokietijoje\/","title":{"rendered":"FabricAir UAB dalyvaus \u201eWindEnergy Hamburg 2026\u201c parodoje Vokietijoje"},"content":{"rendered":"","protected":false},"excerpt":{"rendered":"<p>2026 m. rugs\u0117jo 22\u201325 dienomis \u201eFabricAir\u201c dalyvaus tarptautin\u0117je parodoje \u201eWindEnergy Hamburg 2026\u201c Vokietijoje, skirtoje v\u0117jo energetikos sektoriaus \u012fmon\u0117ms. Renginio metu \u012fmon\u0117 pristatys savo sukurt\u0105 \u201eBorealisWind\u201c apsaugos nuo apled\u0117jimo sprendim\u0105, skirt\u0105 v\u0117jo j\u0117gain\u0117ms, susidurian\u010dioms su energijos gamybos efektyvumo suma\u017e\u0117jimu d\u0117l at\u0161iauri\u0173 klimato s\u0105lyg\u0173.<\/p>\n","protected":false},"featured_media":8032,"menu_order":0,"template":"","class_list":["post-8633","news","type-news","status-publish","has-post-thumbnail","hentry"],"acf":[],"yoast_head":"<!-- This site is optimized with the Yoast SEO plugin v28.4 - https:\/\/yoast.com\/product\/yoast-seo-wordpress\/ -->\n<title>FabricAir UAB dalyvaus \u201eWindEnergy Hamburg 2026\u201c parodoje Vokietijoje | Lithuania FabricAir<\/title>\n<meta name=\"description\" content=\"FabricAir AHR 2026 parodoje pristat\u0117 pirmaujan\u010dias tekstilini\u0173 ortaki\u0173 sistemas, kurios supaprastina HVAC sprendimus ir prie\u017ei\u016br\u0105.\" \/>\n<meta name=\"robots\" content=\"index, follow, max-snippet:-1, max-image-preview:large, max-video-preview:-1\" \/>\n<link rel=\"canonical\" href=\"https:\/\/www.fabricair.com\/lt\/naujienos\/fabricair-uab-dalyvaus-windenergy-hamburg-2026-parodoje-vokietijoje\/\" \/>\n<meta property=\"og:locale\" content=\"lt_LT\" \/>\n<meta property=\"og:type\" content=\"article\" \/>\n<meta property=\"og:title\" content=\"FabricAir UAB dalyvaus \u201eWindEnergy Hamburg 2026\u201c parodoje Vokietijoje - Lithuania FabricAir\" \/>\n<meta property=\"og:description\" content=\"FabricAir AHR 2026 parodoje pristat\u0117 pirmaujan\u010dias tekstilini\u0173 ortaki\u0173 sistemas, kurios supaprastina HVAC sprendimus ir prie\u017ei\u016br\u0105.\" \/>\n<meta property=\"og:url\" content=\"https:\/\/www.fabricair.com\/lt\/naujienos\/fabricair-uab-dalyvaus-windenergy-hamburg-2026-parodoje-vokietijoje\/\" \/>\n<meta property=\"og:site_name\" content=\"Lithuania FabricAir\" \/>\n<meta property=\"article:publisher\" content=\"https:\/\/www.facebook.com\/FabricAir\" \/>\n<meta property=\"article:modified_time\" content=\"2026-09-03T08:42:03+00:00\" \/>\n<meta property=\"og:image\" content=\"https:\/\/www.fabricair.com\/lt\/wp-content\/uploads\/sites\/22\/2024\/08\/WindEnergy-Hamburg_1772x1772.png\" \/>\n\t<meta property=\"og:image:width\" content=\"1772\" \/>\n\t<meta property=\"og:image:height\" content=\"1772\" \/>\n\t<meta property=\"og:image:type\" content=\"image\/png\" \/>\n<meta name=\"twitter:card\" content=\"summary_large_image\" \/>\n<meta name=\"twitter:site\" content=\"@FabricAir\" \/>\n<meta name=\"twitter:label1\" content=\"Est. reading time\" \/>\n\t<meta name=\"twitter:data1\" content=\"1 minut\u0117\" \/>\n<script type=\"application\/ld+json\" class=\"yoast-schema-graph\">{\"@context\":\"https:\\\/\\\/schema.org\",\"@graph\":[{\"@type\":\"WebPage\",\"@id\":\"https:\\\/\\\/www.fabricair.com\\\/lt\\\/naujienos\\\/fabricair-uab-dalyvaus-windenergy-hamburg-2026-parodoje-vokietijoje\\\/\",\"url\":\"https:\\\/\\\/www.fabricair.com\\\/lt\\\/naujienos\\\/fabricair-uab-dalyvaus-windenergy-hamburg-2026-parodoje-vokietijoje\\\/\",\"name\":\"FabricAir UAB dalyvaus \u201eWindEnergy Hamburg 2026\u201c parodoje Vokietijoje - Lithuania FabricAir\",\"isPartOf\":{\"@id\":\"https:\\\/\\\/www.fabricair.com\\\/lt\\\/#website\"},\"primaryImageOfPage\":{\"@id\":\"https:\\\/\\\/www.fabricair.com\\\/lt\\\/naujienos\\\/fabricair-uab-dalyvaus-windenergy-hamburg-2026-parodoje-vokietijoje\\\/#primaryimage\"},\"image\":{\"@id\":\"https:\\\/\\\/www.fabricair.com\\\/lt\\\/naujienos\\\/fabricair-uab-dalyvaus-windenergy-hamburg-2026-parodoje-vokietijoje\\\/#primaryimage\"},\"thumbnailUrl\":\"https:\\\/\\\/www.fabricair.com\\\/lt\\\/wp-content\\\/uploads\\\/sites\\\/22\\\/2024\\\/08\\\/WindEnergy-Hamburg_1772x1772.png\",\"datePublished\":\"2026-09-03T08:41:04+00:00\",\"dateModified\":\"2026-09-03T08:42:03+00:00\",\"description\":\"FabricAir AHR 2026 parodoje pristat\u0117 pirmaujan\u010dias tekstilini\u0173 ortaki\u0173 sistemas, kurios supaprastina HVAC sprendimus ir prie\u017ei\u016br\u0105.\",\"breadcrumb\":{\"@id\":\"https:\\\/\\\/www.fabricair.com\\\/lt\\\/naujienos\\\/fabricair-uab-dalyvaus-windenergy-hamburg-2026-parodoje-vokietijoje\\\/#breadcrumb\"},\"inLanguage\":\"lt\",\"potentialAction\":[{\"@type\":\"ReadAction\",\"target\":[\"https:\\\/\\\/www.fabricair.com\\\/lt\\\/naujienos\\\/fabricair-uab-dalyvaus-windenergy-hamburg-2026-parodoje-vokietijoje\\\/\"]}]},{\"@type\":\"ImageObject\",\"inLanguage\":\"lt\",\"@id\":\"https:\\\/\\\/www.fabricair.com\\\/lt\\\/naujienos\\\/fabricair-uab-dalyvaus-windenergy-hamburg-2026-parodoje-vokietijoje\\\/#primaryimage\",\"url\":\"https:\\\/\\\/www.fabricair.com\\\/lt\\\/wp-content\\\/uploads\\\/sites\\\/22\\\/2024\\\/08\\\/WindEnergy-Hamburg_1772x1772.png\",\"contentUrl\":\"https:\\\/\\\/www.fabricair.com\\\/lt\\\/wp-content\\\/uploads\\\/sites\\\/22\\\/2024\\\/08\\\/WindEnergy-Hamburg_1772x1772.png\",\"width\":1772,\"height\":1772},{\"@type\":\"BreadcrumbList\",\"@id\":\"https:\\\/\\\/www.fabricair.com\\\/lt\\\/naujienos\\\/fabricair-uab-dalyvaus-windenergy-hamburg-2026-parodoje-vokietijoje\\\/#breadcrumb\",\"itemListElement\":[{\"@type\":\"ListItem\",\"position\":1,\"name\":\"Home\",\"item\":\"https:\\\/\\\/www.fabricair.com\\\/lt\\\/\"},{\"@type\":\"ListItem\",\"position\":2,\"name\":\"naujienos\",\"item\":\"https:\\\/\\\/www.fabricair.com\\\/lt\\\/apie\\\/naujienos\\\/\"},{\"@type\":\"ListItem\",\"position\":3,\"name\":\"FabricAir UAB dalyvaus \u201eWindEnergy Hamburg 2026\u201c parodoje Vokietijoje\"}]}]}<\/script>\n<!-- \/ Yoast SEO plugin. -->","yoast_head_json":{"title":"FabricAir UAB dalyvaus \u201eWindEnergy Hamburg 2026\u201c parodoje Vokietijoje | Lithuania FabricAir","description":"FabricAir AHR 2026 parodoje pristat\u0117 pirmaujan\u010dias tekstilini\u0173 ortaki\u0173 sistemas, kurios supaprastina HVAC sprendimus ir prie\u017ei\u016br\u0105.","robots":{"index":"index","follow":"follow","max-snippet":"max-snippet:-1","max-image-preview":"max-image-preview:large","max-video-preview":"max-video-preview:-1"},"canonical":"https:\/\/www.fabricair.com\/lt\/naujienos\/fabricair-uab-dalyvaus-windenergy-hamburg-2026-parodoje-vokietijoje\/","og_locale":"lt_LT","og_type":"article","og_title":"FabricAir UAB dalyvaus \u201eWindEnergy Hamburg 2026\u201c parodoje Vokietijoje - Lithuania FabricAir","og_description":"FabricAir AHR 2026 parodoje pristat\u0117 pirmaujan\u010dias tekstilini\u0173 ortaki\u0173 sistemas, kurios supaprastina HVAC sprendimus ir prie\u017ei\u016br\u0105.","og_url":"https:\/\/www.fabricair.com\/lt\/naujienos\/fabricair-uab-dalyvaus-windenergy-hamburg-2026-parodoje-vokietijoje\/","og_site_name":"Lithuania FabricAir","article_publisher":"https:\/\/www.facebook.com\/FabricAir","article_modified_time":"2026-09-03T08:42:03+00:00","og_image":[{"width":1772,"height":1772,"url":"https:\/\/www.fabricair.com\/lt\/wp-content\/uploads\/sites\/22\/2024\/08\/WindEnergy-Hamburg_1772x1772.png","type":"image\/png"}],"twitter_card":"summary_large_image","twitter_site":"@FabricAir","twitter_misc":{"Est. reading time":"1 minut\u0117"},"schema":{"@context":"https:\/\/schema.org","@graph":[{"@type":"WebPage","@id":"https:\/\/www.fabricair.com\/lt\/naujienos\/fabricair-uab-dalyvaus-windenergy-hamburg-2026-parodoje-vokietijoje\/","url":"https:\/\/www.fabricair.com\/lt\/naujienos\/fabricair-uab-dalyvaus-windenergy-hamburg-2026-parodoje-vokietijoje\/","name":"FabricAir UAB dalyvaus \u201eWindEnergy Hamburg 2026\u201c parodoje Vokietijoje - Lithuania FabricAir","isPartOf":{"@id":"https:\/\/www.fabricair.com\/lt\/#website"},"primaryImageOfPage":{"@id":"https:\/\/www.fabricair.com\/lt\/naujienos\/fabricair-uab-dalyvaus-windenergy-hamburg-2026-parodoje-vokietijoje\/#primaryimage"},"image":{"@id":"https:\/\/www.fabricair.com\/lt\/naujienos\/fabricair-uab-dalyvaus-windenergy-hamburg-2026-parodoje-vokietijoje\/#primaryimage"},"thumbnailUrl":"https:\/\/www.fabricair.com\/lt\/wp-content\/uploads\/sites\/22\/2024\/08\/WindEnergy-Hamburg_1772x1772.png","datePublished":"2026-09-03T08:41:04+00:00","dateModified":"2026-09-03T08:42:03+00:00","description":"FabricAir AHR 2026 parodoje pristat\u0117 pirmaujan\u010dias tekstilini\u0173 ortaki\u0173 sistemas, kurios supaprastina HVAC sprendimus ir prie\u017ei\u016br\u0105.","breadcrumb":{"@id":"https:\/\/www.fabricair.com\/lt\/naujienos\/fabricair-uab-dalyvaus-windenergy-hamburg-2026-parodoje-vokietijoje\/#breadcrumb"},"inLanguage":"lt","potentialAction":[{"@type":"ReadAction","target":["https:\/\/www.fabricair.com\/lt\/naujienos\/fabricair-uab-dalyvaus-windenergy-hamburg-2026-parodoje-vokietijoje\/"]}]},{"@type":"ImageObject","inLanguage":"lt","@id":"https:\/\/www.fabricair.com\/lt\/naujienos\/fabricair-uab-dalyvaus-windenergy-hamburg-2026-parodoje-vokietijoje\/#primaryimage","url":"https:\/\/www.fabricair.com\/lt\/wp-content\/uploads\/sites\/22\/2024\/08\/WindEnergy-Hamburg_1772x1772.png","contentUrl":"https:\/\/www.fabricair.com\/lt\/wp-content\/uploads\/sites\/22\/2024\/08\/WindEnergy-Hamburg_1772x1772.png","width":1772,"height":1772},{"@type":"BreadcrumbList","@id":"https:\/\/www.fabricair.com\/lt\/naujienos\/fabricair-uab-dalyvaus-windenergy-hamburg-2026-parodoje-vokietijoje\/#breadcrumb","itemListElement":[{"@type":"ListItem","position":1,"name":"Home","item":"https:\/\/www.fabricair.com\/lt\/"},{"@type":"ListItem","position":2,"name":"naujienos","item":"https:\/\/www.fabricair.com\/lt\/apie\/naujienos\/"},{"@type":"ListItem","position":3,"name":"FabricAir UAB dalyvaus \u201eWindEnergy Hamburg 2026\u201c parodoje Vokietijoje"}]}]}},"_links":{"self":[{"href":"https:\/\/www.fabricair.com\/lt\/wp-json\/wp\/v2\/news\/8633","targetHints":{"allow":["GET"]}}],"collection":[{"href":"https:\/\/www.fabricair.com\/lt\/wp-json\/wp\/v2\/news"}],"about":[{"href":"https:\/\/www.fabricair.com\/lt\/wp-json\/wp\/v2\/types\/news"}],"wp:attachment":[{"href":"https:\/\/www.fabricair.com\/lt\/wp-json\/wp\/v2\/media?parent=8633"}],"curies":[{"name":"wp","href":"https:\/\/api.w.org\/{rel}","templated":true}]}}